{"id":21607,"date":"2025-07-11T16:26:22","date_gmt":"2025-07-11T16:26:22","guid":{"rendered":"https:\/\/www.newmediapress.it\/magazine\/?p=21607"},"modified":"2025-07-11T16:26:22","modified_gmt":"2025-07-11T16:26:22","slug":"blue-economy-rampelli-ministero-del-mare-e-un-risultato-lungimirante-per-governo-meloni","status":"publish","type":"post","link":"https:\/\/www.newmediapress.it\/magazine\/blue-economy-rampelli-ministero-del-mare-e-un-risultato-lungimirante-per-governo-meloni\/","title":{"rendered":"Blue economy, Rampelli: &#8220;Ministero del mare \u00e8 un risultato lungimirante per governo Meloni&#8221;"},"content":{"rendered":"<p>(Adnkronos) &#8211; &quot;L&#039;istituzione di un Ministero per il Mare \u00e8 un risultato lungimirante di cui il governo Meloni e Fratelli d&#039;Italia che l&#039;ha sempre proposto pu\u00f2 e deve andare fiero. Abbiamo avviato una stagione nuova di grande attenzione per il mare che \u00e8 un elemento centrale per il nostro Paese&quot;. Cos\u00ec Fabio Rampelli, Vice Presidente della Camera dei Deputati, nel suo intervento alla giornata conclusiva della quarta edizione del Summit Nazionale sull\u2019Economia del Mare \u2013 Blue Forum, in corso presso la sede di Unioncamere a Roma.\u00a0Per il vice presidente della Camera, summit come quello di Blue Forum &quot;hanno il merito di promuovere la cultura del mare, offrendo a noi politici e ai corpi intermedi gli spunti fondamentali per mettere in campo proposte e strategie condivise per aumentare la competitivit\u00e0 del settore&quot;.\u00a0Quanto ai giovani, per invogliarli ad interessarsi del mare e delle opportunit\u00e0 lavorative che pu\u00f2 offrire, ha concluso Rampelli, &quot;dovremmo potenziare gli istituti tecnici adeguando la formazione con le domande del mercato e far comprendere ai nostri ragazzi che il mare oggi pi\u00f9 che mai parla il linguaggio della digitalizzazione e delle interconnessioni che \u00e8 il linguaggio del futuro&quot;.\u00a0&#8212;economiawebinfo@adnkronos.com (Web Info)<\/p>\n","protected":false},"excerpt":{"rendered":"<p>(Adnkronos) &#8211; &quot;L&#039;istituzione di un Ministero per il Mare \u00e8 un risultato lungimirante di cui il governo Meloni e Fratelli d&#039;Italia che l&#039;ha sempre proposto pu\u00f2 e deve andare fiero. Abbiamo avviato una stagione nuova di grande attenzione per il mare che \u00e8 un elemento centrale per il nostro Paese&quot;. Cos\u00ec Fabio Rampelli, Vice Presidente [&hellip;]<\/p>\n","protected":false},"author":1,"featured_media":0,"comment_status":"","ping_status":"open","sticky":false,"template":"","format":"standard","meta":{"footnotes":""},"categories":[3534],"tags":[3535,3536],"_links":{"self":[{"href":"https:\/\/www.newmediapress.it\/magazine\/wp-json\/wp\/v2\/posts\/21607"}],"collection":[{"href":"https:\/\/www.newmediapress.it\/magazine\/wp-json\/wp\/v2\/posts"}],"about":[{"href":"https:\/\/www.newmediapress.it\/magazine\/wp-json\/wp\/v2\/types\/post"}],"author":[{"embeddable":true,"href":"https:\/\/www.newmediapress.it\/magazine\/wp-json\/wp\/v2\/users\/1"}],"replies":[{"embeddable":true,"href":"https:\/\/www.newmediapress.it\/magazine\/wp-json\/wp\/v2\/comments?post=21607"}],"version-history":[{"count":0,"href":"https:\/\/www.newmediapress.it\/magazine\/wp-json\/wp\/v2\/posts\/21607\/revisions"}],"wp:attachment":[{"href":"https:\/\/www.newmediapress.it\/magazine\/wp-json\/wp\/v2\/media?parent=21607"}],"wp:term":[{"taxonomy":"category","embeddable":true,"href":"https:\/\/www.newmediapress.it\/magazine\/wp-json\/wp\/v2\/categories?post=21607"},{"taxonomy":"post_tag","embeddable":true,"href":"https:\/\/www.newmediapress.it\/magazine\/wp-json\/wp\/v2\/tags?post=21607"}],"curies":[{"name":"wp","href":"https:\/\/api.w.org\/{rel}","templated":true}]}}